{"id":1957,"date":"2026-08-26T20:08:54","date_gmt":"2026-08-26T20:08:54","guid":{"rendered":"https:\/\/rallyeislatenerife.com\/rallye26\/?p=1957"},"modified":"2026-08-27T14:53:22","modified_gmt":"2026-08-27T14:53:22","slug":"el-52o-rallye-orvecame-isla-tenerife-se-presenta-oficialmente-el-proximo-2-de-septiembre","status":"publish","type":"post","link":"https:\/\/rallyeislatenerife.com\/rallye26\/el-52o-rallye-orvecame-isla-tenerife-se-presenta-oficialmente-el-proximo-2-de-septiembre\/","title":{"rendered":"El 52\u00ba Rallye Orvecame Isla Tenerife se presenta oficialmente el pr\u00f3ximo 2 de septiembre"},"content":{"rendered":"<ul>\n<li>\n<p data-pm-slice=\"1 1 []\"><strong>Rallyten Sport dar\u00e1 a conocer todos los detalles de la quincuag\u00e9sima segunda edici\u00f3n de la prueba en un acto que tendr\u00e1 lugar en el Sal\u00f3n Noble del Cabildo de Tenerife.<\/strong><\/p>\n<p>La organizaci\u00f3n del <strong>52\u00ba Rallye Orvecame Isla Tenerife<\/strong> celebrar\u00e1 el pr\u00f3ximo <strong>mi\u00e9rcoles 2 de septiembre<\/strong> la presentaci\u00f3n oficial de la prueba, en un acto que servir\u00e1 para desvelar todos los detalles de una nueva edici\u00f3n de una de las competiciones m\u00e1s emblem\u00e1ticas del automovilismo canario.<\/p>\n<p>La presentaci\u00f3n, organizada por <strong>Rallyten Sport<\/strong>, tendr\u00e1 lugar a partir de las <strong>12:30 horas<\/strong> en el <strong>Sal\u00f3n Noble del Cabildo Insular de Tenerife<\/strong>, apenas dos d\u00edas antes del inicio de la competici\u00f3n, prevista para los d\u00edas <strong>4 y 5 de septiembre<\/strong>.<\/p>\n<p>El acto contar\u00e1 con la participaci\u00f3n del <strong>vicepresidente primero del Cabildo de Tenerife, Lope Afonso<\/strong>; la <strong>consejera insular de Deportes, Yolanda Molin\u00e9<\/strong>; y el <strong>director de la prueba, Julio Mart\u00ednez<\/strong>, adem\u00e1s de otras autoridades y representantes vinculados al evento.<\/p>\n<p>Durante la convocatoria se ofrecer\u00e1 toda la informaci\u00f3n relativa a la 52\u00aa edici\u00f3n del Rallye Orvecame Isla Tenerife, incluyendo los principales aspectos organizativos, deportivos e institucionales de una prueba que volver\u00e1 a reunir a algunos de los mejores equipos del panorama automovil\u00edstico regional y nacional.<\/p>\n<p>La organizaci\u00f3n invita a los medios de comunicaci\u00f3n a asistir a este encuentro informativo, que marcar\u00e1 el inicio de la cuenta atr\u00e1s para una nueva edici\u00f3n del Rallye Orvecame Isla Tenerife.<\/li>\n<\/ul>\n","protected":false},"excerpt":{"rendered":"<p>Rallyten Sport dar\u00e1 a conocer todos los detalles de la quincuag\u00e9sima segunda edici\u00f3n de la prueba en un acto que tendr\u00e1 lugar en el Sal\u00f3n Noble del Cabildo de Tenerife.<\/p>\n","protected":false},"author":1,"featured_media":1958,"comment_status":"open","ping_status":"closed","sticky":false,"template":"","format":"standard","meta":{"footnotes":""},"categories":[1],"tags":[],"class_list":["post-1957","post","type-post","status-publish","format-standard","has-post-thumbnail","hentry","category-uncategorized"],"_links":{"self":[{"href":"https:\/\/rallyeislatenerife.com\/rallye26\/wp-json\/wp\/v2\/posts\/1957","targetHints":{"allow":["GET"]}}],"collection":[{"href":"https:\/\/rallyeislatenerife.com\/rallye26\/wp-json\/wp\/v2\/posts"}],"about":[{"href":"https:\/\/rallyeislatenerife.com\/rallye26\/wp-json\/wp\/v2\/types\/post"}],"author":[{"embeddable":true,"href":"https:\/\/rallyeislatenerife.com\/rallye26\/wp-json\/wp\/v2\/users\/1"}],"replies":[{"embeddable":true,"href":"https:\/\/rallyeislatenerife.com\/rallye26\/wp-json\/wp\/v2\/comments?post=1957"}],"version-history":[{"count":2,"href":"https:\/\/rallyeislatenerife.com\/rallye26\/wp-json\/wp\/v2\/posts\/1957\/revisions"}],"predecessor-version":[{"id":1986,"href":"https:\/\/rallyeislatenerife.com\/rallye26\/wp-json\/wp\/v2\/posts\/1957\/revisions\/1986"}],"wp:featuredmedia":[{"embeddable":true,"href":"https:\/\/rallyeislatenerife.com\/rallye26\/wp-json\/wp\/v2\/media\/1958"}],"wp:attachment":[{"href":"https:\/\/rallyeislatenerife.com\/rallye26\/wp-json\/wp\/v2\/media?parent=1957"}],"wp:term":[{"taxonomy":"category","embeddable":true,"href":"https:\/\/rallyeislatenerife.com\/rallye26\/wp-json\/wp\/v2\/categories?post=1957"},{"taxonomy":"post_tag","embeddable":true,"href":"https:\/\/rallyeislatenerife.com\/rallye26\/wp-json\/wp\/v2\/tags?post=1957"}],"curies":[{"name":"wp","href":"https:\/\/api.w.org\/{rel}","templated":true}]}}