{"id":1946,"date":"2026-08-19T20:22:26","date_gmt":"2026-08-19T20:22:26","guid":{"rendered":"https:\/\/rallyeislatenerife.com\/rallye26\/?p=1946"},"modified":"2026-08-19T20:25:15","modified_gmt":"2026-08-19T20:25:15","slug":"el-52o-rallye-orvecame-isla-tenerife-revela-su-cartel-oficial-y-abre-inscripciones-para-el-shakedown-2026","status":"publish","type":"post","link":"https:\/\/rallyeislatenerife.com\/rallye26\/el-52o-rallye-orvecame-isla-tenerife-revela-su-cartel-oficial-y-abre-inscripciones-para-el-shakedown-2026\/","title":{"rendered":"El 52\u00ba Rallye Orvecame Isla Tenerife revela su cartel oficial y abre inscripciones para el Shakedown 2026"},"content":{"rendered":"<ul>\n<li>\n<p style=\"font-weight: 400;\"><em>La organizaci\u00f3n pone a disposici\u00f3n de los equipos los v\u00eddeos de los tramos y mapas log\u00edsticos para iniciar los reconocimientos virtuales a trav\u00e9s de la web oficial<\/em><\/p>\n<p style=\"font-weight: 400;\"><strong>17\/08\/2026_ <\/strong>El 52\u00ba Rallye Orvecame Isla Tenerife contin\u00faa quemando etapas en las semanas previas a su desarrollo, reforzando el trabajo organizativo y de promoci\u00f3n del programa previsto para los d\u00edas 5 y 6 de septiembre. El equipo de Rallyten Sport ha presentado este lunes de manera oficial el cartel anunciador de la edici\u00f3n que se viene, un dise\u00f1o que logra recoger la esencia de la prueba con la amplia bolsa de patrocinadores y colaboradores que la respaldan.<\/p>\n<p style=\"font-weight: 400;\">De forma simult\u00e1nea, el comit\u00e9 organizador ha activado en el d\u00eda de hoy el plazo de inscripci\u00f3n para participar en el Shakedown de este a\u00f1o. Los equipos interesados en realizar los test oficiales, y poner a punto sus veh\u00edculos de competici\u00f3n, tendr\u00e1n de margen para formalizar su participaci\u00f3n a trav\u00e9s de los canales oficiales hasta el pr\u00f3ximo d\u00eda 30 de agosto de 2026.\u00a0<\/p>\n<p style=\"font-weight: 400;\">Con el objetivo de facilitar la preparaci\u00f3n de la cita automovil\u00edstica, los participantes ya tienen acceso exclusivo a trav\u00e9s de la plataforma web a un completo paquete de recursos digitales. Entre el material disponible se encuentra un lote de v\u00eddeos en alta definici\u00f3n de los tramos cronometrados, as\u00ed como los mapas detallados y los croquis de las distintas \u00e1reas claves del rallye (parques de asistencia, zona de verificaciones y escenario de pruebas). Estas herramientas multimedia se unen as\u00ed al resto de documentos oficiales y reglamentos ya publicados.<\/p>\n<\/li>\n<\/ul>\n","protected":false},"excerpt":{"rendered":"<p>La organizaci\u00f3n pone a disposici\u00f3n de los equipos los v\u00eddeos de los tramos y mapas log\u00edsticos para iniciar los reconocimientos virtuales a trav\u00e9s de la web oficial 17\/08\/2026_ El 52\u00ba<\/p>\n","protected":false},"author":1,"featured_media":1947,"comment_status":"open","ping_status":"closed","sticky":false,"template":"","format":"standard","meta":{"footnotes":""},"categories":[1],"tags":[],"class_list":["post-1946","post","type-post","status-publish","format-standard","has-post-thumbnail","hentry","category-uncategorized"],"_links":{"self":[{"href":"https:\/\/rallyeislatenerife.com\/rallye26\/wp-json\/wp\/v2\/posts\/1946","targetHints":{"allow":["GET"]}}],"collection":[{"href":"https:\/\/rallyeislatenerife.com\/rallye26\/wp-json\/wp\/v2\/posts"}],"about":[{"href":"https:\/\/rallyeislatenerife.com\/rallye26\/wp-json\/wp\/v2\/types\/post"}],"author":[{"embeddable":true,"href":"https:\/\/rallyeislatenerife.com\/rallye26\/wp-json\/wp\/v2\/users\/1"}],"replies":[{"embeddable":true,"href":"https:\/\/rallyeislatenerife.com\/rallye26\/wp-json\/wp\/v2\/comments?post=1946"}],"version-history":[{"count":2,"href":"https:\/\/rallyeislatenerife.com\/rallye26\/wp-json\/wp\/v2\/posts\/1946\/revisions"}],"predecessor-version":[{"id":1949,"href":"https:\/\/rallyeislatenerife.com\/rallye26\/wp-json\/wp\/v2\/posts\/1946\/revisions\/1949"}],"wp:featuredmedia":[{"embeddable":true,"href":"https:\/\/rallyeislatenerife.com\/rallye26\/wp-json\/wp\/v2\/media\/1947"}],"wp:attachment":[{"href":"https:\/\/rallyeislatenerife.com\/rallye26\/wp-json\/wp\/v2\/media?parent=1946"}],"wp:term":[{"taxonomy":"category","embeddable":true,"href":"https:\/\/rallyeislatenerife.com\/rallye26\/wp-json\/wp\/v2\/categories?post=1946"},{"taxonomy":"post_tag","embeddable":true,"href":"https:\/\/rallyeislatenerife.com\/rallye26\/wp-json\/wp\/v2\/tags?post=1946"}],"curies":[{"name":"wp","href":"https:\/\/api.w.org\/{rel}","templated":true}]}}