{"id":1643,"date":"2023-11-18T15:38:48","date_gmt":"2023-11-18T15:38:48","guid":{"rendered":"https:\/\/rallyeislatenerife.com\/rallye23\/?p=1643"},"modified":"2023-11-27T21:50:15","modified_gmt":"2023-11-27T21:50:15","slug":"el-49-rallye-orvecame-isla-tenerife-revela-un-road-book-con-novedades-2-2-2-2-2-2-2-2-2-2-2","status":"publish","type":"post","link":"https:\/\/rallyeislatenerife.com\/rallye23\/?p=1643","title":{"rendered":"49\u00ba Rallye Orvecame Isla Tenerife: Cruz-Mujica dominan a falta de dos tramos para el final"},"content":{"rendered":"\n<p><strong><em>Enrique Cruz y Yeray Mujica han ganado los siete tramos disputados hasta el momento y elevan su diferencia sustancialmente respecto a Miguel Su\u00e1rez-Eduardo Gonz\u00e1lez y Sergio Fuentes-Ariday Bonilla, que siguen manteniendo la segunda y tercera plaza. <\/em><\/strong><strong><em><\/em><\/strong><\/p>\n\n\n\n<p>18\/11\/23. Cruz y Mujica (Ford Fiesta R5 MK II) han ampliado la renta de tiempo con la que terminaron la primera etapa respecto a Su\u00e1rez-Gonz\u00e1lez (Citro\u00ebn C3 Rally2) y ahora son 49,8 los segundos que separan a ambos equipos en las dos primeras posiciones de la general. Ambos parecen estar cumpliendo el gui\u00f3n que muchos cre\u00edan que seguir\u00edan: ganar Enrique Cruz y sumar el m\u00e1ximo de puntos Miguel Su\u00e1rez, ambos para mantener sus opciones de proclamarse campeones regionales en el \u00faltimo rallye del a\u00f1o, el de Lanzarote.<\/p>\n\n\n\n<p>En la tercera plaza contin\u00faan Sergio Fuentes-Ariday Bonilla (Citro\u00ebn C3 Rally2), justo por delante de Giovanni y Carolina Fari\u00f1a, con Peugeot 208 Rally4, que son cuartos y nuevos l\u00edderes de la <em>Rally &amp; You BP Ultimate Plus Car<\/em> <em>Cup<\/em>, superando en cinco segundos a Fernando Cruz-Tecorice Hern\u00e1ndez, que van quintos de la general tambi\u00e9n con 208 Rally4.<\/p>\n\n\n\n<p>El el <em>Clio Trophy<\/em>, que se disputa sobre los Renault Clio Rally 5, H\u00e9ctor Mederos-Miguel Rever\u00f3n han recuperado la primera posici\u00f3n, por delante de No\u00e9 Armas-Alejandro Falc\u00f3n y de Ulises Avella-Gabriel Espino, que han ca\u00eddo a la tercera plaza del trofeo.<\/p>\n\n\n\n<p><strong>DOS TRAMOS PARA EL FINAL<\/strong><\/p>\n\n\n\n<p>Disputados ya siete tramos de la prueba, tan s\u00f3lo restan las dos pasadas consecutivas por \u201cAgua Garc\u00eda\u201d (TC 8 y TC Plus: 15.26 h y TC 9: 18.09 h) para saber qui\u00e9n ser\u00e1 el vencedor del rallye, cuya finalizaci\u00f3n est\u00e1 prevista para las 19.14 h en la plaza del Cabildo Insular, en Santa Cruz.<\/p>\n\n\n\n<p>El Grupo Orvecame-CICAR como principal patrocinador, Fred Olsen &amp; Balearia, Canaribat, Recalvi, RACE-RACT, m\u00e1squecarpas, el Cabildo Insular de Tenerife, el Ayuntamiento de Santa Cruz de Tenerife, adem\u00e1s de todos los consistorios por los que pasa el 49 Rallye Orvecame Isla Tenerife hacen posible su celebraci\u00f3n.<\/p>\n\n\n\n<p>Las clasificaciones, lista de inscritos, horarios y otros documentos de la competici\u00f3n pueden consultarse en <a href=\"https:\/\/rallyeislatenerife.com\/rallye23\/\">https:\/\/rallyeislatenerife.com\/rallye23\/<\/a><\/p>\n","protected":false},"excerpt":{"rendered":"<p>Enrique Cruz y Yeray Mujica han ganado los siete tramos disputados hasta el momento y elevan su diferencia sustancialmente respecto a Miguel Su\u00e1rez-Eduardo Gonz\u00e1lez y Sergio Fuentes-Ariday Bonilla, que siguen<\/p>\n","protected":false},"author":3,"featured_media":1649,"comment_status":"open","ping_status":"closed","sticky":false,"template":"","format":"standard","meta":{"footnotes":""},"categories":[1],"tags":[],"class_list":["post-1643","post","type-post","status-publish","format-standard","has-post-thumbnail","hentry","category-uncategorized"],"_links":{"self":[{"href":"https:\/\/rallyeislatenerife.com\/rallye23\/index.php?rest_route=\/wp\/v2\/posts\/1643","targetHints":{"allow":["GET"]}}],"collection":[{"href":"https:\/\/rallyeislatenerife.com\/rallye23\/index.php?rest_route=\/wp\/v2\/posts"}],"about":[{"href":"https:\/\/rallyeislatenerife.com\/rallye23\/index.php?rest_route=\/wp\/v2\/types\/post"}],"author":[{"embeddable":true,"href":"https:\/\/rallyeislatenerife.com\/rallye23\/index.php?rest_route=\/wp\/v2\/users\/3"}],"replies":[{"embeddable":true,"href":"https:\/\/rallyeislatenerife.com\/rallye23\/index.php?rest_route=%2Fwp%2Fv2%2Fcomments&post=1643"}],"version-history":[{"count":2,"href":"https:\/\/rallyeislatenerife.com\/rallye23\/index.php?rest_route=\/wp\/v2\/posts\/1643\/revisions"}],"predecessor-version":[{"id":1652,"href":"https:\/\/rallyeislatenerife.com\/rallye23\/index.php?rest_route=\/wp\/v2\/posts\/1643\/revisions\/1652"}],"wp:featuredmedia":[{"embeddable":true,"href":"https:\/\/rallyeislatenerife.com\/rallye23\/index.php?rest_route=\/wp\/v2\/media\/1649"}],"wp:attachment":[{"href":"https:\/\/rallyeislatenerife.com\/rallye23\/index.php?rest_route=%2Fwp%2Fv2%2Fmedia&parent=1643"}],"wp:term":[{"taxonomy":"category","embeddable":true,"href":"https:\/\/rallyeislatenerife.com\/rallye23\/index.php?rest_route=%2Fwp%2Fv2%2Fcategories&post=1643"},{"taxonomy":"post_tag","embeddable":true,"href":"https:\/\/rallyeislatenerife.com\/rallye23\/index.php?rest_route=%2Fwp%2Fv2%2Ftags&post=1643"}],"curies":[{"name":"wp","href":"https:\/\/api.w.org\/{rel}","templated":true}]}}