{"id":1620,"date":"2023-11-13T20:32:31","date_gmt":"2023-11-13T20:32:31","guid":{"rendered":"https:\/\/rallyeislatenerife.com\/rallye23\/?p=1620"},"modified":"2023-11-13T20:32:32","modified_gmt":"2023-11-13T20:32:32","slug":"el-49-rallye-orvecame-isla-tenerife-revela-un-road-book-con-novedades-2-2-2-2-2-2-2-2","status":"publish","type":"post","link":"https:\/\/rallyeislatenerife.com\/rallye23\/?p=1620","title":{"rendered":"Publicada la lista de inscritos del 49\u00ba Rallye Orvecame Isla Tenerife"},"content":{"rendered":"<p><strong><em>Enrique Cruz y Yeray Mujica lucir\u00e1n el n\u00famero uno en las puertas de su Ford Fiesta R5 MK II, encabezando un listado oficial de inscritos en el que figuran un total de 93 equipos. Tras ellos saldr\u00e1n los actuales l\u00edderes del Campeonato de Canarias, Miguel Su\u00e1rez-Eduardo Gonz\u00e1lez (Citro\u00ebn C3 Rally2), y los checos Jan Cerny-Petr Cernohorsky (Hyundai i20 N Rally2).<\/em><\/strong><\/p>\n<p>Tras su aplazamiento en octubre, finalmente son 91 en Velocidad y dos en Regularidad Sport los equipos que han formalizado o mantenido su inscripci\u00f3n para participar en el 49 Orvecame Isla Tenerife, la pen\u00faltima cita puntuable para el Regional y la \u00faltima del Campeonato Provincial y del AON de Rallyes de Tenerife (Interinsular).<\/p>\n<p>La emoci\u00f3n llega por todo lo alto al \u201cIsla\u201d, un rallye totalmente decisivo de cara a las aspiraciones de los tres pilotos que encabezan el Campeonato de Canarias. Por un lado, Cruz, que es tercero y llega plet\u00f3rico tras haber ganado las tres \u00faltimas carreras disputadas (Villa de Adeje, Telde y Maspalomas) est\u00e1 casi obligado a vencer si quiere mantener sus opciones a un t\u00edtulo que, dependiendo de lo que ocurra aqu\u00ed, podr\u00eda decidirse en la \u00faltima cita del a\u00f1o, el Rallye Orvecame Isla de Lanzarote. Pero, por otro lado, a buen seguro que ni Miguel Su\u00e1rez, que cuenta con dos victorias en su casillero (Orvecame Norte y Senderos de La Palma) y es el l\u00edder del certamen; ni Jan Cerny, ganador a principios de a\u00f1o del Islas Canarias y el m\u00e1s regular hasta su abandono por salida de pista en el Rallye de Maspalomas hace unas semanas, se lo van a poner f\u00e1cil. Ellos tres, por ese orden, ser\u00e1n los primeros en tomar la partida.<\/p>\n<p>Con el cuatro saldr\u00e1n Sergio Fuentes-Ariday Bonilla (Citro\u00ebn C3 Rally2) y con el cinco Ayoze Ben\u00edtez-Patricia Gonz\u00e1lez (Porsche 911 997 GT3). Los primeros, adem\u00e1s de intentar luchar por alguno de los puestos del p\u00f3dium final, tratar\u00e1n de certificar su triunfo en el Campeonato Provincial y en el AON de Rallyes de Tenerife, cert\u00e1menes que encabezan y en los que no contar\u00e1n con la oposici\u00f3n uno de sus principales contrincantes, el t\u00e1ndem formado por Manuel Mesa-V\u00edctor P\u00e9rez, que no ha podido mantener su inscripci\u00f3n tras la salida de carretera sufrida en el Maspalomas.<\/p>\n<p>El Orvecame Isla Tenerife es tambi\u00e9n puntuable para la <em>Rally &amp; You BP Ultimate Plus Car Cup <\/em>y para el <em>Clio Trophy Canarias<\/em>, unos certa\u0301menes promocionales caracterizados por sus enconadas luchas y que aportara\u0301n seis competitivos vehi\u0301culos Rally4 en el primer caso, y cuatro Rally5 en el segundo. Igualmente, habr\u00e1 que estar muy atentos a la Copa 1.6 Los Realejos con el Deporte, con nada menos que 20 coches, as\u00ed como al Trofeo de Promoci\u00f3n Tenerife Circuito del Motor y al N3, con cuatro y ocho inscritos respectivamente.<\/p>\n<p>La Regularidad Sport estar\u00e1 animada por dos equipos con sendos Peugeot, los de Wilfredo P\u00e9rez-Joel Lorenzo (205 Rallye) y el de Juan Pedro Escobar-Gustavo Escobar (309 GTI).<\/p>\n<p><strong>CEREMONIA DE SALIDA EL JUEVES<\/strong><\/p>\n<p>A partir de las 18.30 h del jueves los veh\u00edculos de ir\u00e1n concentrando en el parque de pre-salida en la avenida Mar\u00edtima de Santa Cruz, junto a la alameda del duque de Santa Elena, donde permanecer\u00e1n hasta que, a las 20.00 h, comience la ceremonia de salida en la plaza del Cabildo Insular. La competici\u00f3n en s\u00ed tendr\u00e1 lugar el viernes y el s\u00e1bado con la disputa de las dos etapas y nueve tramos cronometrados que componen esta edici\u00f3n del Isla Tenerife.<\/p>\n<p>El Grupo Orvecame-CICAR como principal patrocinador, Fred Olsen &amp; Balearia, Canaribat, Recalvi, RACE-RACT, m\u00e1squecarpas, el Cabildo Insular de Tenerife, el Ayuntamiento de Santa Cruz de Tenerife, adem\u00e1s de todos los consistorios por los que pasa el 49 Rallye Orvecame Isla Tenerife hacen posible su celebraci\u00f3n.<\/p>\n<p>La lista de inscritos, horarios y otros documentos de la competici\u00f3n pueden consultarse en <a href=\"https:\/\/rallyeislatenerife.com\/rallye23\/\">https:\/\/rallyeislatenerife.com\/rallye23\/<\/a><\/p>\n","protected":false},"excerpt":{"rendered":"<p>Enrique Cruz y Yeray Mujica lucir\u00e1n el n\u00famero uno en las puertas de su Ford Fiesta R5 MK II, encabezando un listado oficial de inscritos en el que figuran un<\/p>\n","protected":false},"author":3,"featured_media":1621,"comment_status":"open","ping_status":"closed","sticky":false,"template":"","format":"standard","meta":{"footnotes":""},"categories":[1],"tags":[],"class_list":["post-1620","post","type-post","status-publish","format-standard","has-post-thumbnail","hentry","category-uncategorized"],"_links":{"self":[{"href":"https:\/\/rallyeislatenerife.com\/rallye23\/index.php?rest_route=\/wp\/v2\/posts\/1620","targetHints":{"allow":["GET"]}}],"collection":[{"href":"https:\/\/rallyeislatenerife.com\/rallye23\/index.php?rest_route=\/wp\/v2\/posts"}],"about":[{"href":"https:\/\/rallyeislatenerife.com\/rallye23\/index.php?rest_route=\/wp\/v2\/types\/post"}],"author":[{"embeddable":true,"href":"https:\/\/rallyeislatenerife.com\/rallye23\/index.php?rest_route=\/wp\/v2\/users\/3"}],"replies":[{"embeddable":true,"href":"https:\/\/rallyeislatenerife.com\/rallye23\/index.php?rest_route=%2Fwp%2Fv2%2Fcomments&post=1620"}],"version-history":[{"count":1,"href":"https:\/\/rallyeislatenerife.com\/rallye23\/index.php?rest_route=\/wp\/v2\/posts\/1620\/revisions"}],"predecessor-version":[{"id":1622,"href":"https:\/\/rallyeislatenerife.com\/rallye23\/index.php?rest_route=\/wp\/v2\/posts\/1620\/revisions\/1622"}],"wp:featuredmedia":[{"embeddable":true,"href":"https:\/\/rallyeislatenerife.com\/rallye23\/index.php?rest_route=\/wp\/v2\/media\/1621"}],"wp:attachment":[{"href":"https:\/\/rallyeislatenerife.com\/rallye23\/index.php?rest_route=%2Fwp%2Fv2%2Fmedia&parent=1620"}],"wp:term":[{"taxonomy":"category","embeddable":true,"href":"https:\/\/rallyeislatenerife.com\/rallye23\/index.php?rest_route=%2Fwp%2Fv2%2Fcategories&post=1620"},{"taxonomy":"post_tag","embeddable":true,"href":"https:\/\/rallyeislatenerife.com\/rallye23\/index.php?rest_route=%2Fwp%2Fv2%2Ftags&post=1620"}],"curies":[{"name":"wp","href":"https:\/\/api.w.org\/{rel}","templated":true}]}}