{"id":1613,"date":"2023-11-06T23:00:06","date_gmt":"2023-11-06T23:00:06","guid":{"rendered":"https:\/\/rallyeislatenerife.com\/rallye23\/?p=1613"},"modified":"2023-11-06T23:00:07","modified_gmt":"2023-11-06T23:00:07","slug":"el-49-rallye-orvecame-isla-tenerife-revela-un-road-book-con-novedades-2-2-2-2-2-2-2","status":"publish","type":"post","link":"https:\/\/rallyeislatenerife.com\/rallye23\/?p=1613","title":{"rendered":"49 Rallye Orvecame Isla Tenerife: confirmaci\u00f3n de datos"},"content":{"rendered":"<p><strong><em>Tras su aplazamiento en octubre, la prueba, que se celebrar\u00e1 los d\u00edas 16, 17 y 18 de noviembre y ser\u00e1 valedera para los campeonatos de Canarias, Provincial y AON de Rallyes de Tenerife<\/em><\/strong><strong>, mantiene su recorrido pr\u00e1cticamente inalterable, con un rut\u00f3metro compuesto por nueve tramos cronometrados divididos en dos etapas, m\u00e1s un <em>shakedown<\/em>. El nuevo periodo de inscripci\u00f3n finaliza este jueves, d\u00eda nueve, a las 14.00 h.<\/strong><\/p>\n<p>Como modificaciones m\u00e1s significativas respecto al planteamiento inicial que el Club Rallyten Sport ten\u00eda para la prueba en octubre, tan s\u00f3lo cabe resaltar el cambio de ubicaci\u00f3n de la zona de asistencias, que pasa de los aparcamientos del Palmetum a los del Parque Mar\u00edtimo de Santa Cruz; el recorte de uno de los tramos cronometrados del s\u00e1bado (\u201cLa Cabezada-La Guancha\u201d) en algo m\u00e1s de un km; el cambio de uno de los reagrupamientos; y la celebraci\u00f3n del <em>shakedown<\/em>, que pasa del jueves al viernes por la ma\u00f1ana.<\/p>\n<p><strong>CEREMONIA DE SALIDA EL JUEVES<\/strong><\/p>\n<p>Entre las 16.15 y las 19.00 h del jueves, d\u00eda 16, se realizar\u00e1n las verificaciones t\u00e9cnicas y administrativas en el Parque Mar\u00edtimo para aquellos equipos inscritos en el <em>shakedown<\/em>, o tramo de pruebas, que tendr\u00e1 lugar al d\u00eda siguiente en \u201cEl Boquer\u00f3n\u201d (TF-156); y desde las 18.30 se ir\u00e1 formando el parque de pre-salida en la avenida Mar\u00edtima de Santa Cruz, junto a la alameda del duque de Santa Elena, donde permanecer\u00e1n los veh\u00edculos hasta que, a las 20.00 h, comience la ceremonia de salida en la plaza del Cabildo Insular.<\/p>\n<p><strong>VIERNES: <em>SHAKEDOWN <\/em>Y PRIMERA ETAPA<\/strong><\/p>\n<p>Durante la ma\u00f1ana del viernes, de 10.00 a 12.30 h, el tramo de \u201cEl Boquer\u00f3n-Valle de Guerra\u201d (3,470 km) ser\u00e1 el escenario del <em>shakedown<\/em>, en el que aquellos que lo hayan solicitado podr\u00e1n hacer los \u00faltimos ajustes y comprobaciones en sus coches de cara al inicio de la competici\u00f3n unas horas m\u00e1s tarde.<\/p>\n<p>Paralelamente, de 8.00 a 14.00 h, se estar\u00e1n realizando las verificaciones t\u00e9cnicas para el resto de los equipos y con un horario ampliado tras ser solicitado por el delegado t\u00e9cnico de la FCA, dado que se utilizar\u00e1 el novedoso sistema SICCOM, recientemente implementado y que requiere algo m\u00e1s de tiempo por cada veh\u00edculo.<\/p>\n<p>Tal como estaba previsto en principio, el arranque de la competici\u00f3n pura se producir\u00e1 a las 16.45 h, con la salida del primero de los participantes desde el parque de trabajo para realizar el primer bucle del rallye, formado por los tramos de: \u201cG\u00fc\u00edmar\u201d (G\u00fc\u00edmar-El Escobonal, de 9,580 km, a las 17.30 h), \u201cFasnia\u201d (Fasnia-Icor-Arico Viejo, de 16,200 km, a las 18.13 h y coincidiendo con la puesta del sol), y \u201cCuesta Las Tablas\u201d (Igueste-Tabaiba, de 7,04 km, a las 19.14 h, y ya de noche).<\/p>\n<p><strong>ETAPA 2 EN EL NORTE<\/strong><\/p>\n<p>El s\u00e1bado se disputar\u00e1n seis tramos m\u00e1s, estructurados en cuatro bucles, los dos primeros formados por \u201cLas Median\u00edas-Palo Blanco\u201d, de 11,210 km (TC 4: 9.14 y TC 6: 12.44 h), y \u201cLa Cabezada-La Guancha\u201d, de 14,950 km (TC 5: 10.03 y TC 7: 13.33 h), cronometrada esta \u00faltima recortada en algo m\u00e1s de un km en la zona de El Pinalete; y los dos finales, compuestos por sendas pasadas por \u201cAgua Garc\u00eda\u201d, de 7,830 km (TC 8: 15.26 h y TC 9: 18.09 h), siendo la primera de ellas el TC Plus del rallye.<\/p>\n<p>Tras las dos primeras secciones del s\u00e1bado se realizar\u00e1n dos reagrupamientos en el Mercado Municipal de Los Realejos: el primero de 35 minutos a las 11.00 h, y el segundo, de 20 minutos y que sustituye al inicialmente planificado en Santa \u00darsula, a las 14.30 h. Despu\u00e9s del primero, habr\u00e1 una asistencia remota de 20 minutos, a las 11.45 h, en los aparcamientos de la finca El Llano, tambi\u00e9n en Los Realejos.<\/p>\n<p>Entre las dos pasadas por \u201cAgua Garc\u00eda\u201d y despu\u00e9s de estas, los equipos pasar\u00e1n por los aparcamientos del Parque Mar\u00edtimo de Santa Cruz, donde se reagrupar\u00e1n a las 16.11 h por espacio de media hora y recibir\u00e1n asistencia t\u00e9cnica de 50 min a las 16.41 y de 10 a las 18.54 h, justo antes de dirigirse a la plaza del Cabildo Insular, donde tendr\u00e1 lugar la llegada final del rallye a las 19.14 h.<\/p>\n<p><strong>INSCRIPCIONES ABIERTAS<\/strong><\/p>\n<p>Despu\u00e9s de la reapertura del periodo de inscripci\u00f3n debido al aplazamiento del rallye y con el l\u00f3gico movimiento de altas y bajas que se ha producido y que se ha ido gestionando por el comit\u00e9 organizador desde entonces, aquellos equipos interesados en participar disponen de plazo hasta este jueves, d\u00eda nueve, a las 14.00 h, para tramitar sus solicitudes de inscripci\u00f3n mediante la plataforma de gesti\u00f3n integral de la FIASCT, a la que puede accederse directamente pinchando en el enlace habilitado para ello en el sitio web: <a href=\"https:\/\/rallyeislatenerife.com\/rallye23\/\">https:\/\/rallyeislatenerife.com\/rallye23\/<\/a><\/p>\n<p>La prueba ser\u00e1 puntuable, adem\u00e1s de para los campeonatos Regional, Provincial y AON de Tenerife de Rallyes, para las copas <em>Rally &amp; You BP Ult<\/em><em>i<\/em><em>mate Plus Car<\/em> y 1.6 Los Realejos con el Deporte, y para los trofeos de Promoci\u00f3n Tenerife Circuito del Motor, Junior (FCA), N3, y <em>Clio Trophy Canarias.<\/em><\/p>\n<p>El Grupo Orvecame-CICAR como principal patrocinador, Fred Olsen &amp; Balearia, Canaribat, Recalvi, RACE-RACT, m\u00e1squecarpas, el Cabildo Insular de Tenerife, el Ayuntamiento de Santa Cruz de Tenerife, adem\u00e1s de todos los consistorios por los que pasa el 49 Rallye Orvecame Isla Tenerife hacen posible su celebraci\u00f3n.<\/p>\n","protected":false},"excerpt":{"rendered":"<p>Tras su aplazamiento en octubre, la prueba, que se celebrar\u00e1 los d\u00edas 16, 17 y 18 de noviembre y ser\u00e1 valedera para los campeonatos de Canarias, Provincial y AON de<\/p>\n","protected":false},"author":3,"featured_media":1614,"comment_status":"open","ping_status":"closed","sticky":false,"template":"","format":"standard","meta":{"footnotes":""},"categories":[1],"tags":[],"class_list":["post-1613","post","type-post","status-publish","format-standard","has-post-thumbnail","hentry","category-uncategorized"],"_links":{"self":[{"href":"https:\/\/rallyeislatenerife.com\/rallye23\/index.php?rest_route=\/wp\/v2\/posts\/1613","targetHints":{"allow":["GET"]}}],"collection":[{"href":"https:\/\/rallyeislatenerife.com\/rallye23\/index.php?rest_route=\/wp\/v2\/posts"}],"about":[{"href":"https:\/\/rallyeislatenerife.com\/rallye23\/index.php?rest_route=\/wp\/v2\/types\/post"}],"author":[{"embeddable":true,"href":"https:\/\/rallyeislatenerife.com\/rallye23\/index.php?rest_route=\/wp\/v2\/users\/3"}],"replies":[{"embeddable":true,"href":"https:\/\/rallyeislatenerife.com\/rallye23\/index.php?rest_route=%2Fwp%2Fv2%2Fcomments&post=1613"}],"version-history":[{"count":1,"href":"https:\/\/rallyeislatenerife.com\/rallye23\/index.php?rest_route=\/wp\/v2\/posts\/1613\/revisions"}],"predecessor-version":[{"id":1615,"href":"https:\/\/rallyeislatenerife.com\/rallye23\/index.php?rest_route=\/wp\/v2\/posts\/1613\/revisions\/1615"}],"wp:featuredmedia":[{"embeddable":true,"href":"https:\/\/rallyeislatenerife.com\/rallye23\/index.php?rest_route=\/wp\/v2\/media\/1614"}],"wp:attachment":[{"href":"https:\/\/rallyeislatenerife.com\/rallye23\/index.php?rest_route=%2Fwp%2Fv2%2Fmedia&parent=1613"}],"wp:term":[{"taxonomy":"category","embeddable":true,"href":"https:\/\/rallyeislatenerife.com\/rallye23\/index.php?rest_route=%2Fwp%2Fv2%2Fcategories&post=1613"},{"taxonomy":"post_tag","embeddable":true,"href":"https:\/\/rallyeislatenerife.com\/rallye23\/index.php?rest_route=%2Fwp%2Fv2%2Ftags&post=1613"}],"curies":[{"name":"wp","href":"https:\/\/api.w.org\/{rel}","templated":true}]}}